{"id":8339,"date":"2023-08-25T12:55:16","date_gmt":"2023-08-25T09:55:16","guid":{"rendered":"https:\/\/filarmonicabanatul.ro\/?p=8339"},"modified":"2025-09-10T10:20:37","modified_gmt":"2025-09-10T07:20:37","slug":"jean-selim-abdelmoula-eufonia-festival","status":"publish","type":"post","link":"https:\/\/filarmonicabanatul.ro\/en\/jean-selim-abdelmoula-eufonia-festival\/","title":{"rendered":"JEAN-S\u00c9LIM ABDELMOULA \u2013 Eufonia Festival"},"content":{"rendered":"\n<p>Jean-S\u00e9lim enjoys a busy and varied musical life both as a pianist and composer. During the 2023\/24 season he gave concerts across the world, highlights including the Vancouver Recital Society, Wigmore Hall, Kronberg Caslas Forum, Winterthur Stadthaus, and Unione Musicale Torino.<\/p>\n\n\n\n<p>He recorded Jan\u00e1\u010dek\u2019s complete solo piano music on the composer\u2019s own piano with previously unrecorded works, due for release very soon. As a composer, he was commissioned in 2023 a new work for piano trio by the Orpheus chamber music competition and he wrote the soundtrack for the featurefilm &#8220;Colombine&#8221; directed by Dominique Othenin-Girard.&nbsp;<\/p>\n\n\n\n<p>This season Jean-S\u00e9lim returns to the Wigmore Hall, Heidelberger Fr\u00fchling and Mecklenburg- Vorpommern festivals and will play Schumann Concerto at the Royal Concert Hall in Nottingham.<\/p>\n\n\n\n<p>Born in Switzerland, Jean-S\u00e9lim studied at the HEMU Lausanne with Christian Favre, Guildhall School of Music &amp; Drama with Ronan O&#8217;Hora, the Royal Conservatory in Toronto, Kronberg Academy with Sir Andr\u00e1s Schiff and Ferenc Rados, and at the Barenboim-Said Akademie with J\u00f6rg Widmann. He has participated in masterclasses with Richard Goode, Mitsuko Uchida and Gy\u00f6rgy Kurtag, among many others.<br><br>Awards include the Guildhall Wigmore Prize, the Lili Boulanger Memorial Fund Award (Boston), and top prizes at the Ciurlionis Piano Competition (Vilnius), Grieg Composition Competition, YCAT International Auditions, and the Lausanne Concours d\u2019Interpretation.<br><br>Jean-S\u00e9lim has performed widely internationally, both as soloist and chamber musician, appearing at venues such as the Barbican, Royal Festival Hall, Wigmore Hall, Koerner Hall (Toronto), Banff Music Centre, 92nd Street Y and Weill Recital Hall (New York), and at festivals including the Lucerne, Prussia Cove IMS and D\u00fcsseldorf Schumannfest.<br><br>His works are performed by musicians including Heinz Holliger, Antje Weithaas, Patricia Kopatchinskaja, Sylvia Nopper, Gilles Colliard, and Einar Steen-Nokleberg, and ensembles like the Orchestre de Chambre de Toulouse, Swiss Chamber Soloists, Camerata Bern, Z\u00fcrcher Kammerorchester, Sine Nomine Quartet and the Ensemble S\u00e9quence.<br>.<br>.<br>.<br>&#8220;&#8230;a Swiss pianist who has every chance of becoming a great of his instrument&#8230;his powerful intellect and his extreme sensitivity when playing, not inclined to excesses or free gestures.&#8221;<\/p>\n\n\n\n<p><a href=\"https:\/\/l.facebook.com\/l.php?u=http%3A%2F%2Fwww.elpais.com%2F%3Ffbclid%3DIwZXh0bgNhZW0CMTAAAR4XAKPgBp5zvQZWV2xYYZflS6b3KIcuKTGjG6MVMgSZ6cIDgT1G_hO8qyPG9w_aem_DitA_6zk10g8lxr7MkPEDQ&amp;h=AT2nbmofVC54eG5k98-UFSW6Pwz_1b-oQNxOKVgDLRtrZv_fPnjDiEFUKUTHdxT8W2O9rzR1JjdV9Gybgit7iNw7QwMcy4Hqe-8oagA1sSzc_F1ltduBqIlJ1TZHAq0joz-YIoFJBxNmQeb7&amp;__tn__=-UK*F\">www.elpais.com<\/a> \/ Lofoten Festival Norway 2019<\/p>\n\n\n\n<p><br>&#8220;Not only is Jean-S\u00e9lim Abdelmoula a fine pianist with great sensitivity and imagination, he\u2019s also a major talent in composition. When he plays Bach, Chopin and Schubert, he does it with a composer\u2019s understanding.&#8221;<\/p>\n\n\n\n<p>Sir Andr\u00e1s Schiff &#8220;An uncommonly poetic musician&#8221;<\/p>\n\n\n\n<p>The New York Times \/ 92nd Street Y \/ May 2016<\/p>\n","protected":false},"excerpt":{"rendered":"<p>Jean-S\u00e9lim enjoys a busy and varied musical life both as a pianist and composer. During the 2023\/24 season he gave concerts across the world, highlights including the Vancouver Recital Society, [&hellip;]<\/p>\n","protected":false},"author":3,"featured_media":8246,"comment_status":"closed","ping_status":"closed","sticky":false,"template":"","format":"standard","meta":{"_acf_changed":false,"_et_pb_use_builder":"off","_et_pb_old_content":"","_et_gb_content_width":"","inline_featured_image":false,"footnotes":""},"categories":[38],"tags":[],"class_list":["post-8339","post","type-post","status-publish","format-standard","has-post-thumbnail","hentry","category-artisti-eufonia-masterclass-en"],"acf":[],"_links":{"self":[{"href":"https:\/\/filarmonicabanatul.ro\/en\/wp-json\/wp\/v2\/posts\/8339","targetHints":{"allow":["GET"]}}],"collection":[{"href":"https:\/\/filarmonicabanatul.ro\/en\/wp-json\/wp\/v2\/posts"}],"about":[{"href":"https:\/\/filarmonicabanatul.ro\/en\/wp-json\/wp\/v2\/types\/post"}],"author":[{"embeddable":true,"href":"https:\/\/filarmonicabanatul.ro\/en\/wp-json\/wp\/v2\/users\/3"}],"replies":[{"embeddable":true,"href":"https:\/\/filarmonicabanatul.ro\/en\/wp-json\/wp\/v2\/comments?post=8339"}],"version-history":[{"count":1,"href":"https:\/\/filarmonicabanatul.ro\/en\/wp-json\/wp\/v2\/posts\/8339\/revisions"}],"predecessor-version":[{"id":8340,"href":"https:\/\/filarmonicabanatul.ro\/en\/wp-json\/wp\/v2\/posts\/8339\/revisions\/8340"}],"wp:featuredmedia":[{"embeddable":true,"href":"https:\/\/filarmonicabanatul.ro\/en\/wp-json\/wp\/v2\/media\/8246"}],"wp:attachment":[{"href":"https:\/\/filarmonicabanatul.ro\/en\/wp-json\/wp\/v2\/media?parent=8339"}],"wp:term":[{"taxonomy":"category","embeddable":true,"href":"https:\/\/filarmonicabanatul.ro\/en\/wp-json\/wp\/v2\/categories?post=8339"},{"taxonomy":"post_tag","embeddable":true,"href":"https:\/\/filarmonicabanatul.ro\/en\/wp-json\/wp\/v2\/tags?post=8339"}],"curies":[{"name":"wp","href":"https:\/\/api.w.org\/{rel}","templated":true}]}}